{"id":156,"date":"2010-04-26T20:15:26","date_gmt":"2010-04-27T00:15:26","guid":{"rendered":"http:\/\/brubmedia.com\/?p=156"},"modified":"2014-11-29T13:53:26","modified_gmt":"2014-11-29T18:53:26","slug":"depouille-dair-canada","status":"publish","type":"post","link":"http:\/\/brubmedia.com\/index.php\/2010\/04\/depouille-dair-canada\/","title":{"rendered":"D\u00e9pouille d&rsquo;Air Canada"},"content":{"rendered":"<p><img loading=\"lazy\" src=\"http:\/\/brubmedia.com\/wp-content\/uploads\/2010\/04\/la_depouille.jpg\" alt=\"La D\u00e9pouille\" width=\"800\" height=\"494\" class=\"aligncenter size-full wp-image-157\" srcset=\"http:\/\/brubmedia.com\/wp-content\/uploads\/2010\/04\/la_depouille.jpg 800w, http:\/\/brubmedia.com\/wp-content\/uploads\/2010\/04\/la_depouille-300x185.jpg 300w\" sizes=\"(max-width: 800px) 100vw, 800px\" \/><\/p>\n<p>Une d\u00e9pouille sur les terrains du Campus de l&rsquo;Universit\u00e9 situ\u00e9 \u00e0 Ste-Anne-de-Bellevue, Qc<\/p>\n","protected":false},"excerpt":{"rendered":"<p>Une d\u00e9pouille sur les terrains du Campus de l&rsquo;Universit\u00e9 situ\u00e9 \u00e0 Ste-Anne-de-Bellevue, Qc<\/p>\n","protected":false},"author":1,"featured_media":157,"comment_status":"open","ping_status":"open","sticky":false,"template":"","format":"standard","meta":{"spay_email":"","jetpack_publicize_message":"","jetpack_is_tweetstorm":false},"categories":[6],"tags":[57,54,58,55,56,27],"jetpack_featured_media_url":"http:\/\/brubmedia.com\/wp-content\/uploads\/2010\/04\/la_depouille.jpg","jetpack_publicize_connections":[],"jetpack_sharing_enabled":true,"jetpack_shortlink":"https:\/\/wp.me\/p3qCNa-2w","jetpack-related-posts":[{"id":99,"url":"http:\/\/brubmedia.com\/index.php\/2010\/04\/6a\/","url_meta":{"origin":156,"position":0},"title":"6A","date":"25\/04\/2010","format":false,"excerpt":"6A, Ste-Anne-de-Bellevue, Qc","rel":"","context":"In &quot;Architecture&quot;","img":{"alt_text":"6A","src":"https:\/\/i0.wp.com\/brubmedia.com\/wp-content\/uploads\/2010\/04\/6A.jpg?resize=350%2C200","width":350,"height":200},"classes":[]},{"id":81,"url":"http:\/\/brubmedia.com\/index.php\/2010\/04\/bar-chez-p-p\/","url_meta":{"origin":156,"position":1},"title":"Bar chez P.P.","date":"25\/04\/2010","format":false,"excerpt":"Bar chez P.P, Rue Ste-catherine Est, Montr\u00e9al, Qc","rel":"","context":"In &quot;Architecture&quot;","img":{"alt_text":"Bar chez P.P.","src":"https:\/\/i2.wp.com\/brubmedia.com\/wp-content\/uploads\/2010\/04\/bar-pepe.jpg?resize=350%2C200","width":350,"height":200},"classes":[]},{"id":165,"url":"http:\/\/brubmedia.com\/index.php\/2010\/04\/silo-no-5\/","url_meta":{"origin":156,"position":2},"title":"Silo no.5","date":"26\/04\/2010","format":false,"excerpt":"Un des murs du Silo no.5 situ\u00e9 dans le Vieux-Port de Montr\u00e9al, Qc","rel":"","context":"In &quot;Couleurs&quot;","img":{"alt_text":"Silo no.5","src":"https:\/\/i0.wp.com\/brubmedia.com\/wp-content\/uploads\/2010\/04\/RouilleAngle_1.jpg?resize=350%2C200","width":350,"height":200},"classes":[]},{"id":185,"url":"http:\/\/brubmedia.com\/index.php\/2010\/05\/oubliee\/","url_meta":{"origin":156,"position":3},"title":"Oubli\u00e9e","date":"02\/05\/2010","format":false,"excerpt":"Sous l'autoroute 40 \u00e0 Montr\u00e9al, Qc","rel":"","context":"In &quot;Industriel&quot;","img":{"alt_text":"automobile oubliee","src":"https:\/\/i2.wp.com\/brubmedia.com\/wp-content\/uploads\/2010\/05\/oubliee.jpg?resize=350%2C200","width":350,"height":200},"classes":[]},{"id":129,"url":"http:\/\/brubmedia.com\/index.php\/2010\/04\/sur-le-dos\/","url_meta":{"origin":156,"position":4},"title":"Sur le Dos","date":"26\/04\/2010","format":false,"excerpt":"Mise \u00e0 terre de Publicit\u00e9, cours Turcot, Montr\u00e9al, Qc","rel":"","context":"In &quot;Paysage Urbain&quot;","img":{"alt_text":"Sur le dos","src":"https:\/\/i2.wp.com\/brubmedia.com\/wp-content\/uploads\/2010\/04\/surledos.jpg?resize=350%2C200","width":350,"height":200},"classes":[]},{"id":159,"url":"http:\/\/brubmedia.com\/index.php\/2010\/04\/terrasse-a-gus\/","url_meta":{"origin":156,"position":5},"title":"Terrasse \u00e0 Gus","date":"26\/04\/2010","format":false,"excerpt":"Espace retrouv\u00e9 sur le toit d'un immeuble industriel sur la Rue St-Urbain, Montr\u00e9al, Qc","rel":"","context":"In &quot;Paysage Urbain&quot;","img":{"alt_text":"Terrasse \u00e0 Gus","src":"https:\/\/i2.wp.com\/brubmedia.com\/wp-content\/uploads\/2010\/04\/tereasse.jpg?resize=350%2C200","width":350,"height":200},"classes":[]}],"_links":{"self":[{"href":"http:\/\/brubmedia.com\/index.php\/wp-json\/wp\/v2\/posts\/156"}],"collection":[{"href":"http:\/\/brubmedia.com\/index.php\/wp-json\/wp\/v2\/posts"}],"about":[{"href":"http:\/\/brubmedia.com\/index.php\/wp-json\/wp\/v2\/types\/post"}],"author":[{"embeddable":true,"href":"http:\/\/brubmedia.com\/index.php\/wp-json\/wp\/v2\/users\/1"}],"replies":[{"embeddable":true,"href":"http:\/\/brubmedia.com\/index.php\/wp-json\/wp\/v2\/comments?post=156"}],"version-history":[{"count":2,"href":"http:\/\/brubmedia.com\/index.php\/wp-json\/wp\/v2\/posts\/156\/revisions"}],"predecessor-version":[{"id":423,"href":"http:\/\/brubmedia.com\/index.php\/wp-json\/wp\/v2\/posts\/156\/revisions\/423"}],"wp:featuredmedia":[{"embeddable":true,"href":"http:\/\/brubmedia.com\/index.php\/wp-json\/wp\/v2\/media\/157"}],"wp:attachment":[{"href":"http:\/\/brubmedia.com\/index.php\/wp-json\/wp\/v2\/media?parent=156"}],"wp:term":[{"taxonomy":"category","embeddable":true,"href":"http:\/\/brubmedia.com\/index.php\/wp-json\/wp\/v2\/categories?post=156"},{"taxonomy":"post_tag","embeddable":true,"href":"http:\/\/brubmedia.com\/index.php\/wp-json\/wp\/v2\/tags?post=156"}],"curies":[{"name":"wp","href":"https:\/\/api.w.org\/{rel}","templated":true}]}}